{"id":1184,"date":"2026-08-19T10:00:00","date_gmt":"2026-08-19T10:00:00","guid":{"rendered":"https:\/\/copbad4.org.ar\/blog\/?p=1184"},"modified":"2026-07-11T20:01:07","modified_gmt":"2026-07-11T20:01:07","slug":"convocatoria-a-asamblea-anual-ordinaria-copbad4-2026","status":"publish","type":"post","link":"https:\/\/copbad4.org.ar\/blog\/2026\/08\/19\/convocatoria-a-asamblea-anual-ordinaria-copbad4-2026\/","title":{"rendered":"Convocatoria a Asamblea Anual Ordinaria COPBAD4 2026"},"content":{"rendered":"\n<p class=\"wp-block-paragraph\"><strong>El Colegio de Odont\u00f3logos de la Provincia de Buenos Aires \u2014 Distrito IV convoca a las y los profesionales matriculados a participar de la Asamblea Anual Ordinaria, que se realizar\u00e1 el s\u00e1bado 5 de septiembre de 2026, a las 8:30 hs, en la sede institucional de Curupayt\u00ed 121, Boulogne.<\/strong><\/p>\n\n\n\n<p class=\"wp-block-paragraph\">El Colegio de Odont\u00f3logos de la Provincia de Buenos Aires \u2014 Distrito IV convoca a las y los profesionales matriculados a participar de la Asamblea Anual Ordinaria.<\/p>\n\n\n\n<p class=\"wp-block-paragraph\">La misma se desarrollar\u00e1 el s\u00e1bado 5 de septiembre de 2026, a las 8:30 hs, en la sede del Colegio de Odont\u00f3logos Distrito IV, ubicada en Curupayt\u00ed 121, Boulogne.<\/p>\n\n\n\n<p class=\"wp-block-paragraph\">Orden del d\u00eda:<\/p>\n\n\n\n<ol start=\"1\" class=\"wp-block-list\">\n<li>Designaci\u00f3n de Presidente, Secretario y Secretario de Acta de la Asamblea.<\/li>\n\n\n\n<li>Lectura y consideraci\u00f3n del Acta de Asamblea Ordinaria anterior.<\/li>\n\n\n\n<li>Consideraci\u00f3n de Memoria y Balance General del Ejercicio 2025.<\/li>\n\n\n\n<li>Presupuesto para el a\u00f1o 2027. Fijaci\u00f3n del monto de la cuota de Colegiaci\u00f3n y Registro para el a\u00f1o 2027.<\/li>\n\n\n\n<li>Proclamaci\u00f3n de los nuevos Consejeros y Tribunal Disciplinario.<\/li>\n\n\n\n<li>Designaci\u00f3n de dos colegas para firmar el acta de la Asamblea.<\/li>\n<\/ol>\n\n\n\n<p class=\"wp-block-paragraph\">Seg\u00fan lo establecido por el Art. 18 de la Ley 12.754, las Asambleas se constituir\u00e1n en primera citaci\u00f3n con la presencia de un quinto de los colegiados. Si no se logra reunir ese n\u00famero a la hora fijada para iniciar el acto, se realizar\u00e1 una hora despu\u00e9s, quedando constituida con el n\u00famero de colegiados presentes.<\/p>\n\n\n\n<figure class=\"wp-block-image size-full is-resized\"><img loading=\"lazy\" decoding=\"async\" width=\"1080\" height=\"1350\" src=\"https:\/\/copbad4.org.ar\/blog\/wp-content\/uploads\/2026\/07\/19.08-Convocatoria-1-1.jpg\" alt=\"\" class=\"wp-image-1186\" style=\"width:418px;height:auto\" srcset=\"https:\/\/copbad4.org.ar\/blog\/wp-content\/uploads\/2026\/07\/19.08-Convocatoria-1-1.jpg 1080w, https:\/\/copbad4.org.ar\/blog\/wp-content\/uploads\/2026\/07\/19.08-Convocatoria-1-1-240x300.jpg 240w, https:\/\/copbad4.org.ar\/blog\/wp-content\/uploads\/2026\/07\/19.08-Convocatoria-1-1-819x1024.jpg 819w, https:\/\/copbad4.org.ar\/blog\/wp-content\/uploads\/2026\/07\/19.08-Convocatoria-1-1-768x960.jpg 768w\" sizes=\"auto, (max-width: 1080px) 100vw, 1080px\" \/><\/figure>\n\n\n\n<figure class=\"wp-block-image size-full is-resized\"><img loading=\"lazy\" decoding=\"async\" width=\"1080\" height=\"1350\" src=\"https:\/\/copbad4.org.ar\/blog\/wp-content\/uploads\/2026\/07\/19.08-Convocatoria-2.jpg\" alt=\"\" class=\"wp-image-1187\" style=\"width:391px;height:auto\" srcset=\"https:\/\/copbad4.org.ar\/blog\/wp-content\/uploads\/2026\/07\/19.08-Convocatoria-2.jpg 1080w, https:\/\/copbad4.org.ar\/blog\/wp-content\/uploads\/2026\/07\/19.08-Convocatoria-2-240x300.jpg 240w, https:\/\/copbad4.org.ar\/blog\/wp-content\/uploads\/2026\/07\/19.08-Convocatoria-2-819x1024.jpg 819w, https:\/\/copbad4.org.ar\/blog\/wp-content\/uploads\/2026\/07\/19.08-Convocatoria-2-768x960.jpg 768w\" sizes=\"auto, (max-width: 1080px) 100vw, 1080px\" \/><\/figure>\n","protected":false},"excerpt":{"rendered":"<p>El Colegio de Odont\u00f3logos de la Provincia de Buenos Aires \u2014 Distrito IV convoca a las y los profesionales matriculados a participar de la Asamblea Anual Ordinaria, que se realizar\u00e1 el s\u00e1bado 5 de septiembre de 2026, a las 8:30 hs, en la sede institucional de Curupayt\u00ed 121, Boulogne. El Colegio de Odont\u00f3logos de la [&hellip;]<\/p>\n","protected":false},"author":2,"featured_media":0,"comment_status":"open","ping_status":"open","sticky":false,"template":"","format":"standard","meta":{"footnotes":""},"categories":[1],"tags":[],"class_list":["post-1184","post","type-post","status-publish","format-standard","hentry","category-noticias"],"_links":{"self":[{"href":"https:\/\/copbad4.org.ar\/blog\/wp-json\/wp\/v2\/posts\/1184","targetHints":{"allow":["GET"]}}],"collection":[{"href":"https:\/\/copbad4.org.ar\/blog\/wp-json\/wp\/v2\/posts"}],"about":[{"href":"https:\/\/copbad4.org.ar\/blog\/wp-json\/wp\/v2\/types\/post"}],"author":[{"embeddable":true,"href":"https:\/\/copbad4.org.ar\/blog\/wp-json\/wp\/v2\/users\/2"}],"replies":[{"embeddable":true,"href":"https:\/\/copbad4.org.ar\/blog\/wp-json\/wp\/v2\/comments?post=1184"}],"version-history":[{"count":1,"href":"https:\/\/copbad4.org.ar\/blog\/wp-json\/wp\/v2\/posts\/1184\/revisions"}],"predecessor-version":[{"id":1188,"href":"https:\/\/copbad4.org.ar\/blog\/wp-json\/wp\/v2\/posts\/1184\/revisions\/1188"}],"wp:attachment":[{"href":"https:\/\/copbad4.org.ar\/blog\/wp-json\/wp\/v2\/media?parent=1184"}],"wp:term":[{"taxonomy":"category","embeddable":true,"href":"https:\/\/copbad4.org.ar\/blog\/wp-json\/wp\/v2\/categories?post=1184"},{"taxonomy":"post_tag","embeddable":true,"href":"https:\/\/copbad4.org.ar\/blog\/wp-json\/wp\/v2\/tags?post=1184"}],"curies":[{"name":"wp","href":"https:\/\/api.w.org\/{rel}","templated":true}]}}