{"id":1210,"date":"2026-08-21T18:26:50","date_gmt":"2026-08-21T18:26:50","guid":{"rendered":"https:\/\/copbad4.org.ar\/blog\/?p=1210"},"modified":"2026-08-21T18:26:50","modified_gmt":"2026-08-21T18:26:50","slug":"convocatoria-a-asamblea-anual-ordinaria-copbad4-2026-2","status":"publish","type":"post","link":"https:\/\/copbad4.org.ar\/blog\/2026\/08\/21\/convocatoria-a-asamblea-anual-ordinaria-copbad4-2026-2\/","title":{"rendered":"Convocatoria a Asamblea Anual Ordinaria COPBAD4 2026"},"content":{"rendered":"\n<p class=\"wp-block-paragraph\"><em>El Colegio de Odont\u00f3logos de la Provincia de Buenos Aires Distrito IV convoca a las y los colegiados a participar de la Asamblea Anual Ordinaria, que se realizar\u00e1 el 5 de septiembre, a las 8:30 hs, en la sede institucional de Curupayt\u00ed 121, Boulogne.<\/em><\/p>\n\n\n\n<p class=\"wp-block-paragraph\">Durante la Asamblea se tratar\u00e1 el siguiente orden del d\u00eda:<\/p>\n\n\n\n<ol start=\"1\" class=\"wp-block-list\">\n<li>Designaci\u00f3n de Presidente, Secretario y Secretario de Actas de la Asamblea.<\/li>\n\n\n\n<li>Lectura y consideraci\u00f3n del Acta de Asamblea Ordinaria anterior.<\/li>\n\n\n\n<li>Consideraci\u00f3n de Memoria per\u00edodo 2025.<\/li>\n\n\n\n<li>Aprobaci\u00f3n de Presupuesto para el a\u00f1o 2027. Fijaci\u00f3n de cuota anual de colegiaci\u00f3n, monto de vi\u00e1ticos de Consejeros, Tribunal de Disciplina, tasas, Registro y derechos de inscripci\u00f3n.<\/li>\n\n\n\n<li>Consideraci\u00f3n del Balance del ejercicio finalizado el 31 de diciembre de 2025.<\/li>\n\n\n\n<li>Resoluci\u00f3n de las cuestiones suscitadas acerca del proceso electoral y proclamaci\u00f3n de autoridades electas de acuerdo al dictamen de la Junta Electoral.<\/li>\n\n\n\n<li>Designaci\u00f3n de dos Asamble\u00edstas para firmar el Acta juntamente con las autoridades de la misma.<\/li>\n<\/ol>\n\n\n\n<p class=\"wp-block-paragraph\">Seg\u00fan lo establecido por el Art. 18 de la Ley 12.754, las Asambleas se constituir\u00e1n en primera citaci\u00f3n con la presencia de un quinto de los colegiados. Si no se logra reunir ese n\u00famero a la hora fijada para iniciar el acto, este se realizar\u00e1 una hora despu\u00e9s, quedando constituido con el n\u00famero de colegiados presentes.<\/p>\n\n\n\n<p class=\"wp-block-paragraph\">Asimismo, conforme al Art. 31, en caso de haberse presentado una sola lista, no se realizar\u00e1 el acto eleccionario y la Asamblea proclamar\u00e1 a los candidatos de la lista oficializada.<\/p>\n\n\n\n<p class=\"wp-block-paragraph\">Desde el COPBAD4 se comparte esta convocatoria para garantizar una comunicaci\u00f3n clara y oportuna con las y los colegiados del Distrito IV.<\/p>\n\n\n\n<figure class=\"wp-block-image size-large\"><img loading=\"lazy\" decoding=\"async\" width=\"819\" height=\"1024\" src=\"https:\/\/copbad4.org.ar\/blog\/wp-content\/uploads\/2026\/08\/21.08-placa-asamblea-819x1024.jpg\" alt=\"\" class=\"wp-image-1211\" srcset=\"https:\/\/copbad4.org.ar\/blog\/wp-content\/uploads\/2026\/08\/21.08-placa-asamblea-819x1024.jpg 819w, https:\/\/copbad4.org.ar\/blog\/wp-content\/uploads\/2026\/08\/21.08-placa-asamblea-240x300.jpg 240w, https:\/\/copbad4.org.ar\/blog\/wp-content\/uploads\/2026\/08\/21.08-placa-asamblea-768x960.jpg 768w, https:\/\/copbad4.org.ar\/blog\/wp-content\/uploads\/2026\/08\/21.08-placa-asamblea.jpg 1080w\" sizes=\"auto, (max-width: 819px) 100vw, 819px\" \/><\/figure>\n","protected":false},"excerpt":{"rendered":"<p>El Colegio de Odont\u00f3logos de la Provincia de Buenos Aires Distrito IV convoca a las y los colegiados a participar de la Asamblea Anual Ordinaria, que se realizar\u00e1 el 5 de septiembre, a las 8:30 hs, en la sede institucional de Curupayt\u00ed 121, Boulogne.<\/p>\n","protected":false},"author":2,"featured_media":0,"comment_status":"open","ping_status":"open","sticky":false,"template":"","format":"standard","meta":{"footnotes":""},"categories":[1],"tags":[],"class_list":["post-1210","post","type-post","status-publish","format-standard","hentry","category-noticias"],"_links":{"self":[{"href":"https:\/\/copbad4.org.ar\/blog\/wp-json\/wp\/v2\/posts\/1210","targetHints":{"allow":["GET"]}}],"collection":[{"href":"https:\/\/copbad4.org.ar\/blog\/wp-json\/wp\/v2\/posts"}],"about":[{"href":"https:\/\/copbad4.org.ar\/blog\/wp-json\/wp\/v2\/types\/post"}],"author":[{"embeddable":true,"href":"https:\/\/copbad4.org.ar\/blog\/wp-json\/wp\/v2\/users\/2"}],"replies":[{"embeddable":true,"href":"https:\/\/copbad4.org.ar\/blog\/wp-json\/wp\/v2\/comments?post=1210"}],"version-history":[{"count":1,"href":"https:\/\/copbad4.org.ar\/blog\/wp-json\/wp\/v2\/posts\/1210\/revisions"}],"predecessor-version":[{"id":1212,"href":"https:\/\/copbad4.org.ar\/blog\/wp-json\/wp\/v2\/posts\/1210\/revisions\/1212"}],"wp:attachment":[{"href":"https:\/\/copbad4.org.ar\/blog\/wp-json\/wp\/v2\/media?parent=1210"}],"wp:term":[{"taxonomy":"category","embeddable":true,"href":"https:\/\/copbad4.org.ar\/blog\/wp-json\/wp\/v2\/categories?post=1210"},{"taxonomy":"post_tag","embeddable":true,"href":"https:\/\/copbad4.org.ar\/blog\/wp-json\/wp\/v2\/tags?post=1210"}],"curies":[{"name":"wp","href":"https:\/\/api.w.org\/{rel}","templated":true}]}}